{"id":1405,"date":"2015-09-15T01:56:44","date_gmt":"2015-09-15T01:56:44","guid":{"rendered":"https:\/\/quirera.com\/pmcb\/?p=1405"},"modified":"2015-10-24T18:10:51","modified_gmt":"2015-10-24T18:10:51","slug":"resultado-da-fase-de-classificacao","status":"publish","type":"post","link":"https:\/\/quirera.com\/pmcb\/resultado-da-fase-de-classificacao\/","title":{"rendered":"Resultado da Fase de Classifica\u00e7\u00e3o"},"content":{"rendered":"<h4 style=\"text-align: justify;\">\u00a0<a href=\"https:\/\/quirera.com\/pmcb\/wp-content\/uploads\/2015\/09\/resultado_faseclassificacao.jpg\" data-rel=\"lightbox\"><img loading=\"lazy\" class=\"alignnone size-full wp-image-1406\" src=\"https:\/\/quirera.com\/pmcb\/wp-content\/uploads\/2015\/09\/resultado_faseclassificacao.jpg\" alt=\"resultado_faseclassificacao\" width=\"851\" height=\"315\" data-id=\"1406\" srcset=\"https:\/\/quirera.com\/pmcb\/wp-content\/uploads\/2015\/09\/resultado_faseclassificacao.jpg 851w, https:\/\/quirera.com\/pmcb\/wp-content\/uploads\/2015\/09\/resultado_faseclassificacao-300x111.jpg 300w\" sizes=\"(max-width: 851px) 100vw, 851px\" \/><\/a><\/h4>\n<h4 style=\"text-align: justify;\">\u00a0<div class=\"kad-spacer clearfix\" style=\"height:10px\"><\/div><\/h4>\n<h2 class=\"single-title\" style=\"text-align: justify;\">Fase de\u00a0Classifica\u00e7\u00e3o<\/h2>\n<p style=\"text-align: justify;\">A Comiss\u00e3o Organizadora do I PMCB vem, orgulhosamente,divulgar a lista dos compositores finalistas e dos compositores selecionados para a etapa de leitura do I Pr\u00eamio de M\u00fasica Contempor\u00e2nea da Bahia.<\/p>\n<p style=\"text-align: justify;\"><a href=\"https:\/\/quirera.com\/pmcb\/wp-content\/uploads\/2015\/09\/listaclassificacao2.jpg\" data-rel=\"lightbox\"><img loading=\"lazy\" class=\"alignnone size-full wp-image-1424\" src=\"https:\/\/quirera.com\/pmcb\/wp-content\/uploads\/2015\/09\/listaclassificacao2.jpg\" alt=\"listaclassificacao2\" width=\"853\" height=\"348\" data-id=\"1424\" srcset=\"https:\/\/quirera.com\/pmcb\/wp-content\/uploads\/2015\/09\/listaclassificacao2.jpg 853w, https:\/\/quirera.com\/pmcb\/wp-content\/uploads\/2015\/09\/listaclassificacao2-300x122.jpg 300w\" sizes=\"(max-width: 853px) 100vw, 853px\" \/><\/a><\/p>\n<p style=\"text-align: justify;\">A Comiss\u00e3o Julgadora, formada pelos renomados compositores Paulo Costa Lima, Wellington Gomes e Pedro Augusto Dias, ap\u00f3s receber, no dia 30\/08\/2015, as 14 obras habilitadas, avaliou-as segundo os seguintes crit\u00e9rios (presentes no nosso regulamento):<\/p>\n<p style=\"text-align: justify;\"><strong>a)<\/strong> Rela\u00e7\u00e3o com o tema proposto \u201cErudito com Ax\u00e9\u201d (Peso 10 \u2013 Notas de 0 a 10);<\/p>\n<p style=\"text-align: justify;\"><strong>b)<\/strong> Outros (Peso 10 \u2013 Notas de 0 a 10 extra\u00eddas da soma das notas de 0 \u00e0 2 dos crit\u00e9rios <em>1<\/em>, <em>b.2<\/em>, <em>b.3<\/em>, <em>b.4<\/em> e <em>b.5<\/em>):<\/p>\n<p style=\"text-align: justify;\"><strong>\u00a0 \u00a0 \u00a0b.1)<\/strong> Originalidade (Peso 2);<\/p>\n<p style=\"text-align: justify;\"><strong>\u00a0 \u00a0 \u00a0b.2)<\/strong> Grau de criatividade (Peso 2);<\/p>\n<p style=\"text-align: justify;\"><strong>\u00a0 \u00a0 \u00a0b.3)<\/strong> Maturidade t\u00e9cnica (Peso 2);<\/p>\n<p style=\"text-align: justify;\"><strong>\u00a0 \u00a0 \u00a0b.4)<\/strong> Clareza de escrita (Peso 2);<\/p>\n<p style=\"text-align: justify;\"><strong>\u00a0 \u00a0 \u00a0b.5)<\/strong> Viabilidade de execu\u00e7\u00e3o em 5 ensaios (Peso 2);<\/p>\n<p style=\"text-align: justify;\">A nota final dada a cada obra por cada um dos jurados foi a m\u00e9dia aritm\u00e9tica dos pontos obtidos nos crit\u00e9rios <strong><em>a\u00a0<\/em><\/strong>e <strong><em>b<\/em><\/strong>. A decis\u00e3o do j\u00fari \u00e9 soberana.<\/p>\n<p style=\"text-align: justify;\"><strong>1 &#8211; DAS OBRAS SELECIONADAS PARA FASE FINAL<\/strong><\/p>\n<p style=\"text-align: justify;\"><strong><br \/>\n<\/strong>As <strong>4\u00a0<\/strong>obras que obtiveram maior pontua\u00e7\u00e3o ir\u00e3o para a Fase Final do concurso, no qual ser\u00e3o estreadas pelo <em>Camar\u00e1 Ensemble<\/em> durante Concerto Final de Premia\u00e7\u00e3o do PMCB e novamente julgadas.Nesta etapa, o crit\u00e9rio para a avalia\u00e7\u00e3o das obras ser\u00e1 o resultado sonoro (Peso 10) e a pontua\u00e7\u00e3o ser\u00e1 dada por um novo j\u00fari formado por outros 3 m\u00fasicos.A nota final das obras ser\u00e1 a m\u00e9dia aritm\u00e9tica da pontua\u00e7\u00e3o obtida na Fase de Classifica\u00e7\u00e3o e a nova pontua\u00e7\u00e3o obtida na Fase Final.<\/p>\n<p style=\"text-align: justify;\">Os compositores concorrer\u00e3o aos seguintes pr\u00eamios:<\/p>\n<p style=\"text-align: justify;\"><strong>a) PR\u00caMIO DO J\u00daRI:\u00a0<\/strong>Os <strong>3\u00a0<\/strong>compositores que obtiverem as maiores pontua\u00e7\u00f5es finais dadas pelos jurados receber\u00e3o os respectivos valores em dinheiro por ordem de classifica\u00e7\u00e3o: 1\u00ba lugar: R$ 5.000,00; 2\u00ba lugar: R$ 3.000,00; 3\u00ba lugar: R$ 1.500,00. (Nestes valores n\u00e3o est\u00e3o inclu\u00eddos os descontos previsto por lei, caso sejam aplicados).<\/p>\n<p style=\"text-align: justify;\"><strong>\u00a0b)\u00a0PR\u00caMIO DO P\u00daBLICO:<\/strong> O p\u00fablico escolher\u00e1, atrav\u00e9s de vota\u00e7\u00e3o ap\u00f3s a estreia das obras e independente do pr\u00eamio do j\u00fari, um compositor para receber a encomenda de uma obra a ser estreada pela <em>Orquestra Sinf\u00f4nica da Bahia<\/em> na sala principal do Teatro Castro Alves entre as temporadas de 2015 e 2016.<\/p>\n<p style=\"text-align: justify;\"><strong>\u00a0c)\u00a0OPCIONAL:<\/strong> Men\u00e7\u00e3o Honrosa, caso os jurados achem necess\u00e1rio.<\/p>\n<p style=\"text-align: justify;\"><strong>2 &#8211; DAS OBRAS SELECIONADAS PARA LEITURA<\/strong><\/p>\n<p style=\"text-align: justify;\">Dentre as obras avaliadas, as <strong>5\u00a0<\/strong>que obtiveram maior pontua\u00e7\u00e3o, contadas ap\u00f3s as <strong>4\u00a0<\/strong>obras selecionadas para Fase Final segundo a ordem classificat\u00f3ria, ser\u00e3o lidas pelo Camar\u00e1 Ensemble. Os seus autores concorrer\u00e3o ao seguinte pr\u00eamio:<\/p>\n<p style=\"text-align: justify;\"><strong>a) PR\u00caMIO CAMAR\u00c1 ENSEMBLE<\/strong>: Dentre as <strong>5<\/strong> outras obras n\u00e3o finalistas selecionadas para leitura em ensaio aberto, uma ser\u00e1 escolhida para fazer parte do repert\u00f3rio do <em>Camar\u00e1 Ensemble<\/em> pelo diretor art\u00edstico do grupo durante as temporadas de 2015 e 2016.<\/p>\n<p style=\"text-align: justify;\"><strong>3 &#8211; DA ENTREGA DAS PARTES CAVADAS<\/strong><\/p>\n<p style=\"text-align: justify;\">Os compositores selecionados dever\u00e3o enviar, at\u00e9 o dia <strong>20\/09\/2015<\/strong>,\u00a0as partes cavadas das obras, impressas de maneira leg\u00edvel, devidamente coladas e com viradas de p\u00e1gina dispostas de maneira a viabilizar prontamente os ensaios. Sobre a forma de envio, o compositor dever\u00e1 entrar em contato com a Comiss\u00e3o Organizadora \u2013 PMCB atrav\u00e9s do e-mail <a href=\"mailto:unicosprodutora@hotmail.com\">unicosprodutora@hotmail.com<\/a> para escolher, junto com a comiss\u00e3o, a maneira mais vi\u00e1vel (entrega-las pessoalmente ou por e-mail caso for justific\u00e1vel).<\/p>\n<p style=\"text-align: justify;\">O compositor que n\u00e3o atender a esta exig\u00eancia dentro do prazo estar\u00e1 automaticamente desclassificado, sendo chamado outro compositor seguindo a ordem classificat\u00f3ria estabelecida pelos jurados.<\/p>\n<p style=\"text-align: justify;\"><strong>4 \u2013 DO VOTO POPULAR, DA DIVULGA\u00c7\u00c3O DO CONCERTO FINAL DE ESTREIA E PREMIA\u00c7\u00c3O E DA DISTRIBUI\u00c7\u00c3O DE CONVITES PARA O EVENTO<\/strong><\/p>\n<p style=\"text-align: justify;\">Aos compositores finalistas, reiteramos que, al\u00e9m da possibilidade de receber os Pr\u00eamios do J\u00fari, o voto popular pode vos dar a oportunidade de ter uma nova chance de contato com o p\u00fablico atrav\u00e9s de uma nova obra a ser estreada pela Orquestra Sinf\u00f4nica da Bahia na temporada 2015-16 atrav\u00e9s do Pr\u00eamio do P\u00fablico. Portanto, fa\u00e7am as suas campanhas, convidem seus familiares, amigos e conhecidos para ir ao Concerto de Estreia das Obras e Premia\u00e7\u00e3o do I Pr\u00eamio de M\u00fasica Contempor\u00e2nea da Bahia. Use as redes sociais (Facebook, Whatsapp, Youtube e Twitter) indiscriminadamente.<\/p>\n<p style=\"text-align: justify;\">Para vos dar uma ajuda neste quesito, a equipe do PMCB oferecer\u00e1 um espa\u00e7o em nossa F\u00e3-Page no Facebook e no site do projeto, al\u00e9m de disponibilizar nossa equipe de grava\u00e7\u00e3o audiovisual para que cada compositor finalista possa fazer um v\u00eddeo de 1 minuto divulgando o seu trabalho e convidando o p\u00fablico para o evento. Cada um dos v\u00eddeos ser\u00e1 divulgado nestes meios de maneira igualit\u00e1ria diariamente.O Concerto de Estreia e Premia\u00e7\u00e3o do I PMCB ser\u00e1 gratuito e cada compositor finalista receber\u00e1 30 convites a serem por eles livremente distribu\u00eddos.<\/p>\n<p style=\"text-align: justify;\"><strong>5 \u2013 NOTA DA COMISS\u00c3O ORGANIZADORA &#8211; PMCB<\/strong><\/p>\n<p style=\"text-align: justify;\">N\u00f3s da Comiss\u00e3o Organizadora PMCB gostar\u00edamos de parabenizar a todos os proponentes que dedicaram semanas de trabalho para participar desta nossa iniciativa que tem como objetivo estimular a produ\u00e7\u00e3o de compositores baianos ou daqueles radicados no estado, fomentar o cen\u00e1rio da m\u00fasica erudita na Bahia, al\u00e9m de divulgar as obras produzidas e formar p\u00fablico para concertos de m\u00fasica contempor\u00e2nea.<\/p>\n<p style=\"text-align: justify;\">Infelizmente n\u00e3o pudemos contemplar a todos os participantes inscritos, restando para n\u00f3s, al\u00e9m do agradecimento pela participa\u00e7\u00e3o, o pedido para que compare\u00e7am na Etapa de Leitura das obras selecionadas. Nesta etapa haver\u00e1 a intera\u00e7\u00e3o entre os compositores participantes, os organizadores do evento, o maestro e os int\u00e9rpretes do <em>Camar\u00e1 Ensemble<\/em>. Al\u00e9m disso, todos os proponentes poder\u00e3o ter acesso \u00e0s tr\u00eas fichas de avalia\u00e7\u00e3o preenchidas por cada jurado na Fase de Classifica\u00e7\u00e3o referente \u00e0s obras inscritas. Pedimos tamb\u00e9m que compare\u00e7am ao Concerto Final de Estreia e Premia\u00e7\u00e3o das obras finalistas. As datas destes eventos ser\u00e3o divulgadas oportunamente.<\/p>\n<p style=\"text-align: justify;\">Contamos com a ajuda de todos voc\u00eas na divulga\u00e7\u00e3o do evento e da forte m\u00fasica contempor\u00e2nea que atualmente \u00e9 feita no nosso estado.<\/p>\n<p style=\"text-align: justify;\">Mais uma vez, obrigado a todos os participantes e muito boa sorte nas pr\u00f3ximas etapas.<\/p>\n<p style=\"text-align: justify;\"><em>Comiss\u00e3o Organizadora PMCB.<\/em><\/p>\n","protected":false},"excerpt":{"rendered":"<p>\u00a0 \u00a0 Fase de\u00a0Classifica\u00e7\u00e3o A Comiss\u00e3o Organizadora do I PMCB vem, orgulhosamente,divulgar a lista dos compositores finalistas e dos compositores &hellip; <a href=\"https:\/\/quirera.com\/pmcb\/resultado-da-fase-de-classificacao\/\">Continue lendo<\/a><\/p>\n","protected":false},"author":1,"featured_media":1406,"comment_status":"open","ping_status":"open","sticky":false,"template":"","format":"standard","meta":[],"categories":[25,28],"tags":[],"_links":{"self":[{"href":"https:\/\/quirera.com\/pmcb\/wp-json\/wp\/v2\/posts\/1405"}],"collection":[{"href":"https:\/\/quirera.com\/pmcb\/wp-json\/wp\/v2\/posts"}],"about":[{"href":"https:\/\/quirera.com\/pmcb\/wp-json\/wp\/v2\/types\/post"}],"author":[{"embeddable":true,"href":"https:\/\/quirera.com\/pmcb\/wp-json\/wp\/v2\/users\/1"}],"replies":[{"embeddable":true,"href":"https:\/\/quirera.com\/pmcb\/wp-json\/wp\/v2\/comments?post=1405"}],"version-history":[{"count":15,"href":"https:\/\/quirera.com\/pmcb\/wp-json\/wp\/v2\/posts\/1405\/revisions"}],"predecessor-version":[{"id":1517,"href":"https:\/\/quirera.com\/pmcb\/wp-json\/wp\/v2\/posts\/1405\/revisions\/1517"}],"wp:featuredmedia":[{"embeddable":true,"href":"https:\/\/quirera.com\/pmcb\/wp-json\/wp\/v2\/media\/1406"}],"wp:attachment":[{"href":"https:\/\/quirera.com\/pmcb\/wp-json\/wp\/v2\/media?parent=1405"}],"wp:term":[{"taxonomy":"category","embeddable":true,"href":"https:\/\/quirera.com\/pmcb\/wp-json\/wp\/v2\/categories?post=1405"},{"taxonomy":"post_tag","embeddable":true,"href":"https:\/\/quirera.com\/pmcb\/wp-json\/wp\/v2\/tags?post=1405"}],"curies":[{"name":"wp","href":"https:\/\/api.w.org\/{rel}","templated":true}]}}