{"id":1279,"date":"2015-03-31T15:39:17","date_gmt":"2015-03-31T15:39:17","guid":{"rendered":"https:\/\/quirera.com\/pmcb\/?p=1279"},"modified":"2015-10-24T18:17:27","modified_gmt":"2015-10-24T18:17:27","slug":"g1","status":"publish","type":"post","link":"https:\/\/quirera.com\/pmcb\/g1\/","title":{"rendered":"G1"},"content":{"rendered":"<p><a href=\"https:\/\/quirera.com\/pmcb\/wp-content\/uploads\/2015\/03\/g1.jpg\" data-rel=\"lightbox\"><img loading=\"lazy\" class=\" size-full wp-image-1280 aligncenter\" src=\"https:\/\/quirera.com\/pmcb\/wp-content\/uploads\/2015\/03\/g1.jpg\" alt=\"g1\" width=\"851\" height=\"315\" data-id=\"1280\" srcset=\"https:\/\/quirera.com\/pmcb\/wp-content\/uploads\/2015\/03\/g1.jpg 851w, https:\/\/quirera.com\/pmcb\/wp-content\/uploads\/2015\/03\/g1-300x111.jpg 300w\" sizes=\"(max-width: 851px) 100vw, 851px\" \/><\/a><\/p>\n<p style=\"text-align: left;\">Mat\u00e9ria no G1: <a href=\"http:\/\/g1.globo.com\/bahia\/musica\/noticia\/2015\/03\/1-premio-de-musica-erudita-da-bahia-abre-inscricoes-e-celebra-axe-music.html\" target=\"_blank\">Acessar Link<\/a><\/p>\n<p>&nbsp;<\/p>\n<p style=\"text-align: justify;\">O I Pr\u00eamio de M\u00fasica Contempor\u00e2nea da Bahia est\u00e1 com inscri\u00e7\u00f5es abertas entre 30 de mar\u00e7o e 30 de junho de 2015.<\/p>\n<p style=\"text-align: justify;\">O objetivo do concurso \u00e9 estimular a produ\u00e7\u00e3o de compositores baianos ou daqueles radicados no estado, al\u00e9m da produ\u00e7\u00e3o de jovens compositores baianos, selecionando obras in\u00e9ditas para o Conjunto de C\u00e2mara da Universidade Federal da Bahia (UFBA), o Camar\u00e1.<\/p>\n<p style=\"text-align: justify;\">As inscri\u00e7\u00f5es para o pr\u00eamio s\u00e3o gratuitas e podem ser realizadas atrav\u00e9s dos Correios. O regulamento deve ser acessado no <a href=\"https:\/\/quirera.com\/pmcb\/\" target=\"_blank\">site<\/a> oficial, onde h\u00e1 tamb\u00e9m todas as informa\u00e7\u00f5es sobre o processo de sele\u00e7\u00e3o. Poder\u00e3o participar compositores baianos ou radicados na Bahia h\u00e1 pelo menos um ano. Cada pessoa poder\u00e1 inscrever at\u00e9 duas obras, mas somente uma delas vai ser selecionada.<\/p>\n<p style=\"text-align: justify;\">As obras dever\u00e3o ser inscritas para sete int\u00e9rpretes dentre do efetivo do &#8220;Camar\u00e1 Ensemble&#8221;, cujos instrumentos devem ser uma flauta, um clarinete, uma voz (soprano), um percussionista, um bandolim, um viol\u00e3o, um violoncelo. As produ\u00e7\u00f5es devem ter dura\u00e7\u00e3o de quatro a sete minutos, ser in\u00e9ditas e de autoria do proponente, n\u00e3o podendo ter sido apresentadas em concerto ou publicadas at\u00e9 a data de finaliza\u00e7\u00e3o do concurso.<\/p>\n<p style=\"text-align: justify;\">Atrav\u00e9s da sele\u00e7\u00e3o de obras in\u00e9ditas para o Camar\u00e1, Conjunto de C\u00e2mara da UFBA, o pr\u00eamio visa contemplar um total de nove compositores. Ser\u00e3o oferecidos a leitura de cinco obras, tr\u00eas pr\u00eamios em dinheiro nos valores de R$ 5 mil, R$ 3 mil e R$ 1.500, bem como estreia, grava\u00e7\u00e3o e distribui\u00e7\u00e3o digital gratuita via internet das quatro obras finalistas do concurso. O pr\u00eamio \u00e9 financiado Secretaria de Cultura do Estado da Bahia, atrav\u00e9s da Fundo de Cultura.<\/p>\n<p style=\"text-align: justify;\">Haver\u00e1 tamb\u00e9m outra categoria, o voto popular, com premia\u00e7\u00e3o a ser dada pelo compositor escolhido pelo p\u00fablico: encomenda de uma obra a ser estreada pela Orquestra Sinf\u00f4nica da Bahia (OSBA). Com a tem\u00e1tica &#8220;Erudito com Ax\u00e9&#8221;, nesta primeira edi\u00e7\u00e3o o I Pr\u00eamio de M\u00fasica Contempor\u00e2nea da Bahia presta homenagem ao Ax\u00e9 Music, que comemora 30 anos em 2015. A proposta \u00e9 construir di\u00e1logos entre estes dois universos: o ax\u00e9, g\u00eanero musical popular originalmente baiano, e a m\u00fasica contempor\u00e2nea de concerto.<\/p>\n","protected":false},"excerpt":{"rendered":"<p>Mat\u00e9ria no G1: Acessar Link &nbsp; O I Pr\u00eamio de M\u00fasica Contempor\u00e2nea da Bahia est\u00e1 com inscri\u00e7\u00f5es abertas entre 30 &hellip; <a href=\"https:\/\/quirera.com\/pmcb\/g1\/\">Continue lendo<\/a><\/p>\n","protected":false},"author":1,"featured_media":1280,"comment_status":"open","ping_status":"open","sticky":false,"template":"","format":"standard","meta":[],"categories":[26],"tags":[],"_links":{"self":[{"href":"https:\/\/quirera.com\/pmcb\/wp-json\/wp\/v2\/posts\/1279"}],"collection":[{"href":"https:\/\/quirera.com\/pmcb\/wp-json\/wp\/v2\/posts"}],"about":[{"href":"https:\/\/quirera.com\/pmcb\/wp-json\/wp\/v2\/types\/post"}],"author":[{"embeddable":true,"href":"https:\/\/quirera.com\/pmcb\/wp-json\/wp\/v2\/users\/1"}],"replies":[{"embeddable":true,"href":"https:\/\/quirera.com\/pmcb\/wp-json\/wp\/v2\/comments?post=1279"}],"version-history":[{"count":3,"href":"https:\/\/quirera.com\/pmcb\/wp-json\/wp\/v2\/posts\/1279\/revisions"}],"predecessor-version":[{"id":1316,"href":"https:\/\/quirera.com\/pmcb\/wp-json\/wp\/v2\/posts\/1279\/revisions\/1316"}],"wp:featuredmedia":[{"embeddable":true,"href":"https:\/\/quirera.com\/pmcb\/wp-json\/wp\/v2\/media\/1280"}],"wp:attachment":[{"href":"https:\/\/quirera.com\/pmcb\/wp-json\/wp\/v2\/media?parent=1279"}],"wp:term":[{"taxonomy":"category","embeddable":true,"href":"https:\/\/quirera.com\/pmcb\/wp-json\/wp\/v2\/categories?post=1279"},{"taxonomy":"post_tag","embeddable":true,"href":"https:\/\/quirera.com\/pmcb\/wp-json\/wp\/v2\/tags?post=1279"}],"curies":[{"name":"wp","href":"https:\/\/api.w.org\/{rel}","templated":true}]}}